{"id":9827,"date":"2022-01-28T13:00:22","date_gmt":"2022-01-28T12:00:22","guid":{"rendered":"https:\/\/monikakunovska.cz\/?p=9827"},"modified":"2023-01-08T20:03:18","modified_gmt":"2023-01-08T19:03:18","slug":"svoboda-a-zodpovednost-vuci-sobe-je-volba-kazdeho-z-nas","status":"publish","type":"post","link":"https:\/\/monikakunovska.cz\/en\/svoboda-a-zodpovednost-vuci-sobe-je-volba-kazdeho-z-nas\/","title":{"rendered":"Svoboda a zodpov\u011bdnost v\u016f\u010di sob\u011b je volba ka\u017ed\u00e9ho z n\u00e1s"},"content":{"rendered":"\n<p>V\u00a0sou\u010dasn\u00e9 dob\u011b jsme z\u00e1visl\u00ed na syst\u00e9mu, pot\u0159ebujeme elektrickou energii, potraviny, zdravotn\u00ed p\u00e9\u010di, \u010dasto n\u00e1m n\u011bco, a tak\u00e9 farmaceutick\u00fd pr\u016fmysl. Nen\u00ed n\u00e1m to p\u0159\u00edjemn\u00e9, proto\u017ee nejsme ve svobod\u011b, jsme z\u00e1visl\u00ed na t\u011bchto zdroj\u00edch, kter\u00e9 neum\u00edme sami vyrobit. Jak na to? Je to jednoduch\u00e9 \u2013 p\u0159i\u0161lo mi t\u00e9ma vnit\u0159n\u00ed energetick\u00e1 sob\u011bsta\u010dnost.\u00a0 To \u017ee jsem 8 rok na pr\u00e1n\u011b a nepot\u0159ebuji potravin\u00e1\u0159sk\u00fd pr\u016fmysl, mo\u017en\u00e1 nen\u00ed \u00fapln\u011b pro v\u011bt\u0161inu lid\u00ed atraktivn\u00ed, ale p\u0159esto, kdy\u017e za\u010dneme velmi v\u011bdom\u011b j\u00edst, omez\u00edme stravu na nezbytn\u00e9 mno\u017estv\u00ed, a tak\u00e9 si vyb\u00edr\u00e1me potraviny, kter\u00e9 v sob\u011b maj\u00ed energii. Za\u010dneme pracovat s\u00a0vnit\u0159n\u00ed energi\u00ed, za\u010dneme p\u0159ij\u00edmat energii ze slunce nebo cvi\u010dit qigong.<\/p>\n\n\n\n<figure class=\"wp-block-embed is-type-video is-provider-youtube wp-block-embed-youtube wp-embed-aspect-16-9 wp-has-aspect-ratio\"><div class=\"wp-block-embed__wrapper\">\n<iframe title=\"Svoboda a zodpov\u011bdnost v\u016f\u010di sob\u011b je volba ka\u017ed\u00e9ho z n\u00e1s\" width=\"800\" height=\"450\" src=\"https:\/\/www.youtube.com\/embed\/t30rrJrbemY?feature=oembed\" frameborder=\"0\" allow=\"accelerometer; autoplay; clipboard-write; encrypted-media; gyroscope; picture-in-picture\" allowfullscreen><\/iframe>\n<\/div><\/figure>\n\n\n\n<p><\/p>\n\n\n\n<p>V\u00edme, \u017ee slunce je na obloze po\u0159\u00e1d, nejenom kdy\u017e sv\u00edt\u00ed. Sta\u010d\u00ed ho i vizualizovat. M\u016f\u017eeme r\u00e1no na\u010derpat slunce do na\u0161eho syst\u00e9mu a nebudeme pot\u0159ebovat tolik fyzick\u00e9 stravy. To n\u00e1m umo\u017e\u0148uje postupn\u011b m\u011bnit na\u0161i vnit\u0159n\u00ed energetiku, pot\u0159eby fyzick\u00e9ho t\u011bla. Kdy\u017e zoptimalizujeme mno\u017estv\u00ed fyzick\u00e9 stravy, t\u00edm se zlep\u0161\u00ed celkov\u00e1 kondice fyzick\u00e9ho t\u011bla, dostaneme se do zdrav\u00ed. Sv\u011bteln\u00e1 strava je mnohem efektivn\u011bj\u0161\u00ed,&nbsp; proto\u017ee p\u0159ij\u00edm\u00e1me sv\u011btlo p\u0159\u00edmo, nikoli p\u0159es fyzickou stravu. Spolu se zm\u011bnou stravy se kultivuje n\u00e1\u0161 mikrobiom ve st\u0159evech a ten potom vys\u00edl\u00e1 jemn\u011bj\u0161\u00ed sign\u00e1ly do mozku a my mnohem m\u00e9n\u011b reagujeme my\u0161lenkami a emocemi na ka\u017edodenn\u00ed starosti.<\/p>\n\n\n\n<p>\u010c\u00edm m\u00e1me zdrav\u011bj\u0161\u00ed t\u011blo t\u00edm m\u00e9n\u011b pot\u0159ebujeme zdravotnictv\u00ed a farmaceutick\u00fd pr\u016fmysl. A tak\u00e9 pot\u0159ebujeme m\u00e9n\u011b v\u011bc\u00ed pro sebe, m\u00e9n\u011b nakupujeme. A t\u00edm se osvobozujeme od v\u0161ech pr\u016fmysl\u016f a cel\u00e9ho syst\u00e9mu. Dostaneme se do svobody a spokojenosti, jdeme do l\u00e1sky a \u0161t\u011bst\u00ed. Jde o uv\u011bdom\u011bn\u00ed, jak m\u00e1lo fyzick\u00e9ho opravdu pot\u0159ebujeme.<\/p>\n\n\n\n<p>Kdy\u017e je \u010dlov\u011bk vnit\u0159n\u011b spokojen\u00fd, kdy\u017e m\u00e1 dostatek energie, dostane se do sebel\u00e1sky. Z\u00e1rove\u0148 se zjem\u0148uje vibra\u010dn\u00ed \u00farove\u0148 fyzick\u00e9ho t\u011bla a s&nbsp;t\u00edm i energetick\u00e9ho syst\u00e9mu, otev\u00edr\u00e1me se intuici, energetick\u00e1 centra se dost\u00e1vaj\u00ed do harmonie a najednou vn\u00edm\u00e1me jak t\u011blo pracuje samo, energie proud\u00ed, v\u0161e se odehr\u00e1v\u00e1 p\u0159irozen\u011b, na p\u0159\u00edrodn\u00ed b\u00e1zi jak bylo t\u011blo stvo\u0159eno a to je to nejd\u016fle\u017eit\u011bj\u0161\u00ed. K&nbsp;tomu sm\u011b\u0159ujeme. Aby t\u011blo fungovalo optim\u00e1ln\u011b, bez jak\u00e9hokoli odporu. Kdy\u017e t\u011blo funguje bez odporu, m\u00e1me uklidn\u011bn\u00e9 my\u0161lenky a emoce, proto\u017ee toho moc nepot\u0159ebujeme, po ni\u010dem netou\u017e\u00edme, nic neporovn\u00e1v\u00e1me. V\u0161e proud\u00ed, p\u0159irozen\u011b.&nbsp; A najednou t\u011blo nepot\u0159ebuje mnoho fyzick\u00e9 stravy nebo \u017e\u00e1dnou, v\u0161e na\u010derp\u00e1v\u00e1 z&nbsp;okol\u00ed \u2013 volnou energii, pr\u00e1nu. Cel\u00fd syst\u00e9m se dost\u00e1v\u00e1 do harmonie a rovnov\u00e1hy, t\u00edm jsme ve stavu vnit\u0159n\u00ed spokojenosti a vnit\u0159n\u00edho \u0161t\u011bst\u00ed A jsme suver\u00e9nn\u00ed bytost s&nbsp;otev\u0159en\u00fdm srdcem i vnit\u0159n\u00edmi smysly, chod\u00ed n\u00e1m ty spr\u00e1vn\u00e9 intuitivn\u00ed podn\u011bty, co je pro n\u00e1s nejlep\u0161\u00ed. A kdy\u017e jsme v&nbsp;sebel\u00e1sce a n\u00e1sledujeme intuici, m\u016f\u017eeme z\u00e1rove\u0148 pom\u00e1hat ostatn\u00edm, proto\u017ee jsme vnit\u0159n\u011b pevn\u00ed, siln\u00ed a samostatn\u00ed. Za\u010dneme spolupracovat, potk\u00e1vat se se stejn\u011b siln\u00fdmi lidmi nebo lidmi, kte\u0159\u00ed pot\u0159ebuj\u00ed pomoci. V\u0161e za\u010dne fungovat v&nbsp;dokonal\u00e9m proveden\u00ed, jak lidstvo bylo stvo\u0159eno. V&nbsp;klidu a harmonii, sebel\u00e1sce a l\u00e1sce k&nbsp;ostatn\u00edm.<\/p>\n\n\n\n<p>A o tom budu mluvit o v\u00edkendu. Jak to v\u0161e ud\u011blat.<\/p>\n\n\n\n<p>Pr\u00e1na nen\u00ed pouze o v\u00fd\u017eiv\u011b a o celkov\u00e9m osvobozen\u00ed se. V&nbsp;sobotu o pr\u00e1n\u011b a v&nbsp;ned\u011bli o vnit\u0159n\u00edm energetick\u00e9m syst\u00e9m, jak ho nastartovat, proto\u017ee je to paraleln\u00ed proces.<\/p>\n\n\n\n<p>Jak uklid\u0148ovat my\u0161lenky, emoce, za\u010d\u00edt b\u00fdt nez\u00e1visl\u00fd na syst\u00e9mu, jak se energeticky dopl\u0148ovat, pracovat s&nbsp;vnit\u0159n\u00ed energi\u00ed, aby se v\u0161echno o \u010dem jsem mluvila rozb\u011bhlo jako p\u0159irozen\u00fd proces.<\/p>\n\n\n\n<p>Tak\u017ee v\u00e1s zvu na oba dny, ale m\u016f\u017eete absolvovat pouze sobotu o pr\u00e1n\u011b nebo pouze ned\u011bli o energi\u00edch.<\/p>\n","protected":false},"excerpt":{"rendered":"<p>V sou\u010dasn\u00e9 dob\u011b jsme z\u00e1visl\u00ed na syst\u00e9mu, pot\u0159ebujeme elektrickou energii, potraviny, zdravotn\u00ed p\u00e9\u010di, \u010dasto n\u00e1m n\u011bco, a tak\u00e9 farmaceutick\u00fd pr\u016fmysl. Nen\u00ed n\u00e1m to p\u0159\u00edjemn\u00e9, proto\u017ee nejsme ve svobod\u011b, jsme z\u00e1visl\u00ed na t\u011bchto zdroj\u00edch, kter\u00e9 neum\u00edme sami vyrobit. Jak na to?<\/p>\n","protected":false},"author":4,"featured_media":9834,"parent":0,"comment_status":"closed","ping_status":"closed","sticky":false,"template":"","format":"standard","meta":{"_eb_attr":"","uix_meta_title":"","uix_meta_description":"","uix_canonical_url":"","footnotes":""},"class_list":["post-9827","post","type-post","status-publish","format-standard","has-post-thumbnail","hentry"],"publishpress_future_workflow_manual_trigger":{"enabledWorkflows":[]},"_links":{"self":[{"href":"https:\/\/monikakunovska.cz\/en\/wp-json\/wp\/v2\/posts\/9827","targetHints":{"allow":["GET"]}}],"collection":[{"href":"https:\/\/monikakunovska.cz\/en\/wp-json\/wp\/v2\/posts"}],"about":[{"href":"https:\/\/monikakunovska.cz\/en\/wp-json\/wp\/v2\/types\/post"}],"author":[{"embeddable":true,"href":"https:\/\/monikakunovska.cz\/en\/wp-json\/wp\/v2\/users\/4"}],"replies":[{"embeddable":true,"href":"https:\/\/monikakunovska.cz\/en\/wp-json\/wp\/v2\/comments?post=9827"}],"version-history":[{"count":0,"href":"https:\/\/monikakunovska.cz\/en\/wp-json\/wp\/v2\/posts\/9827\/revisions"}],"wp:featuredmedia":[{"embeddable":true,"href":"https:\/\/monikakunovska.cz\/en\/wp-json\/wp\/v2\/media\/9834"}],"wp:attachment":[{"href":"https:\/\/monikakunovska.cz\/en\/wp-json\/wp\/v2\/media?parent=9827"}],"curies":[{"name":"wp","href":"https:\/\/api.w.org\/{rel}","templated":true}]}}