{"id":8274,"date":"2021-09-04T21:49:31","date_gmt":"2021-09-04T20:49:31","guid":{"rendered":"https:\/\/monikakunovska.cz\/?p=8274"},"modified":"2023-01-08T20:05:24","modified_gmt":"2023-01-08T19:05:24","slug":"cviceni-qigongu-a-praxe-otevirani-vnitrnich-smyslu","status":"publish","type":"post","link":"https:\/\/monikakunovska.cz\/en\/cviceni-qigongu-a-praxe-otevirani-vnitrnich-smyslu\/","title":{"rendered":"Cvi\u010den\u00ed Qigongu a praxe Otev\u00edr\u00e1n\u00ed vnit\u0159n\u00edch smysl\u016f"},"content":{"rendered":"\n<p>S ohledem na sou\u010dasnou situaci bude cvi\u010den\u00ed Qigongu pokra\u010dovat v online verzi a spolu s Otev\u00edr\u00e1n\u00edm vnit\u0159n\u00edch smysl\u016f bude sou\u010d\u00e1st\u00ed Podzimn\u00edho harmoniza\u010dn\u00edho programu. Program bude zah\u00e1jen 26. 9. ned\u011bln\u00edm ve\u010dern\u00edm webin\u00e1\u0159em. Cvi\u010den\u00ed Qigongu bude ka\u017ed\u00e9 pond\u011bl\u00ed od 19 do 20.30 hodin a nav\u00e1\u017eeme na n\u011bj Sv\u011btelnou meditac\u00ed od 21 hodin. Praxe Otev\u00edr\u00e1n\u00ed vnit\u0159n\u00edch smysl\u016f bude op\u011bt ka\u017edou st\u0159edu od 19 do 20 hodin. Dal\u0161\u00ed t\u00e9mata o harmonii, smyslu \u017eivota,&nbsp; informace, kter\u00e9 p\u0159ijdou a tak\u00e9 o aktu\u00e1ln\u00ed situaci budou v\u017edy ka\u017edou druhou ned\u011bli od 20 hodin.&nbsp; Harmoniza\u010dn\u00ed programu ukon\u010d\u00edme 28. 11. z\u00e1v\u011bre\u010dn\u00fdm webin\u00e1\u0159em.&nbsp; do T\u011b\u0161\u00edm se na V\u00e1s<\/p>\n\n\n\n<div class=\"wp-block-cover\"><span aria-hidden=\"true\" class=\"wp-block-cover__background has-background-dim\"><\/span><img fetchpriority=\"high\" decoding=\"async\" width=\"259\" height=\"194\" class=\"wp-block-cover__image-background wp-image-8278\" alt=\"\" src=\"https:\/\/monikakunovska.cz\/wp-content\/uploads\/2021\/09\/feel-you-qi.jpg\" style=\"object-position:45% 22%\" data-object-fit=\"cover\" data-object-position=\"45% 22%\" title=\"\"><div class=\"wp-block-cover__inner-container is-layout-flow wp-block-cover-is-layout-flow\">\n<p class=\"has-text-align-center has-large-font-size\"><\/p>\n<\/div><\/div>\n\n\n\n<p><\/p>\n","protected":false},"excerpt":{"rendered":"<p>S ohledem na sou\u010dasnou situaci bude cvi\u010den\u00ed Qigongu pokra\u010dovat v online verzi a spolu s Otev\u00edr\u00e1n\u00edm vnit\u0159n\u00edch smysl\u016f bude sou\u010d\u00e1st\u00ed Podzimn\u00edho harmoniza\u010dn\u00edho programu.<\/p>\n","protected":false},"author":4,"featured_media":0,"parent":0,"comment_status":"closed","ping_status":"open","sticky":false,"template":"","format":"standard","meta":{"_eb_attr":"","uix_meta_title":"","uix_meta_description":"","uix_canonical_url":"","footnotes":""},"class_list":["post-8274","post","type-post","status-publish","format-standard","hentry"],"publishpress_future_workflow_manual_trigger":{"enabledWorkflows":[]},"_links":{"self":[{"href":"https:\/\/monikakunovska.cz\/en\/wp-json\/wp\/v2\/posts\/8274","targetHints":{"allow":["GET"]}}],"collection":[{"href":"https:\/\/monikakunovska.cz\/en\/wp-json\/wp\/v2\/posts"}],"about":[{"href":"https:\/\/monikakunovska.cz\/en\/wp-json\/wp\/v2\/types\/post"}],"author":[{"embeddable":true,"href":"https:\/\/monikakunovska.cz\/en\/wp-json\/wp\/v2\/users\/4"}],"replies":[{"embeddable":true,"href":"https:\/\/monikakunovska.cz\/en\/wp-json\/wp\/v2\/comments?post=8274"}],"version-history":[{"count":0,"href":"https:\/\/monikakunovska.cz\/en\/wp-json\/wp\/v2\/posts\/8274\/revisions"}],"wp:attachment":[{"href":"https:\/\/monikakunovska.cz\/en\/wp-json\/wp\/v2\/media?parent=8274"}],"curies":[{"name":"wp","href":"https:\/\/api.w.org\/{rel}","templated":true}]}}