{"id":14763,"date":"2022-12-21T16:24:33","date_gmt":"2022-12-21T15:24:33","guid":{"rendered":"https:\/\/monikakunovska.cz\/?p=14763"},"modified":"2023-01-08T20:00:50","modified_gmt":"2023-01-08T19:00:50","slug":"prana-informacni-imunita-a-vnitrni-integrita","status":"publish","type":"post","link":"https:\/\/monikakunovska.cz\/en\/prana-informacni-imunita-a-vnitrni-integrita\/","title":{"rendered":"Pr\u00e1na, informa\u010dn\u00ed imunita a vnit\u0159n\u00ed integrita"},"content":{"rendered":"\n<p>Pov\u00edd\u00e1n\u00ed o aktu\u00e1ln\u00ed situaci, jak z\u016fstat v klidu a tak\u00e9 jak v informace v j\u00eddle n\u00e1s ovliv\u0148uji. Jsme cel\u00e9 dny zahlcov\u00e1n\u00ed r\u016fzn\u00fdmi informacemi a je obt\u00ed\u017en\u00e9 si vybrat, co je vlastn\u011b spr\u00e1vn\u00e9. Nyn\u00ed je to o ka\u017ed\u00e9m z n\u00e1s, abychom \u017eili svoje \u017eivoty v pravd\u011b a l\u00e1sce. Nenechali se ovliv\u0148ovat a z\u016fstali sami sebou. K tomu pot\u0159ebujeme v\u011bd\u011bt, kdo jsme a m\u00edt se r\u00e1di, p\u0159ij\u00edmat se takov\u00ed jac\u00ed jsme.<\/p>\n\n\n\n<figure class=\"wp-block-embed is-type-video is-provider-youtube wp-block-embed-youtube wp-embed-aspect-16-9 wp-has-aspect-ratio\"><div class=\"wp-block-embed__wrapper\">\n<iframe title=\"Monika kunovsk\u00e1 - Informa\u010dn\u00ed imunita a vnit\u0159n\u00ed integrita...\" width=\"800\" height=\"450\" src=\"https:\/\/www.youtube.com\/embed\/sWdUJa2eV-k?start=3072&#038;feature=oembed\" frameborder=\"0\" allow=\"accelerometer; autoplay; clipboard-write; encrypted-media; gyroscope; picture-in-picture; web-share\" referrerpolicy=\"strict-origin-when-cross-origin\" allowfullscreen><\/iframe>\n<\/div><\/figure>\n\n\n\n<p><\/p>\n","protected":false},"excerpt":{"rendered":"<p>Pov\u00edd\u00e1n\u00ed o aktu\u00e1ln\u00ed situaci, jak z\u016fstat v klidu a tak\u00e9 jak v informace v j\u00eddle n\u00e1s ovliv\u0148uji. Jsme cel\u00e9 dny zahlcov\u00e1n\u00ed r\u016fzn\u00fdmi informacemi a je obt\u00ed\u017en\u00e9 si vybrat, co je vlastn\u011b spr\u00e1vn\u00e9. Nyn\u00ed je to o ka\u017ed\u00e9m z n\u00e1s, abychom \u017eili svoje \u017eivoty v pravd\u011b a l\u00e1sce. Nenechali se ovliv\u0148ovat a z\u016fstali sami sebou. K tomu pot\u0159ebujeme v\u011bd\u011bt, kdo jsme a m\u00edt se r\u00e1di, p\u0159ij\u00edmat se takov\u00ed jac\u00ed jsme.<\/p>\n","protected":false},"author":4,"featured_media":14764,"parent":0,"comment_status":"closed","ping_status":"closed","sticky":true,"template":"","format":"standard","meta":{"_eb_attr":"","uix_meta_title":"","uix_meta_description":"","uix_canonical_url":"","footnotes":""},"class_list":["post-14763","post","type-post","status-publish","format-standard","has-post-thumbnail","hentry"],"publishpress_future_workflow_manual_trigger":{"enabledWorkflows":[]},"_links":{"self":[{"href":"https:\/\/monikakunovska.cz\/en\/wp-json\/wp\/v2\/posts\/14763","targetHints":{"allow":["GET"]}}],"collection":[{"href":"https:\/\/monikakunovska.cz\/en\/wp-json\/wp\/v2\/posts"}],"about":[{"href":"https:\/\/monikakunovska.cz\/en\/wp-json\/wp\/v2\/types\/post"}],"author":[{"embeddable":true,"href":"https:\/\/monikakunovska.cz\/en\/wp-json\/wp\/v2\/users\/4"}],"replies":[{"embeddable":true,"href":"https:\/\/monikakunovska.cz\/en\/wp-json\/wp\/v2\/comments?post=14763"}],"version-history":[{"count":7,"href":"https:\/\/monikakunovska.cz\/en\/wp-json\/wp\/v2\/posts\/14763\/revisions"}],"predecessor-version":[{"id":23630,"href":"https:\/\/monikakunovska.cz\/en\/wp-json\/wp\/v2\/posts\/14763\/revisions\/23630"}],"wp:featuredmedia":[{"embeddable":true,"href":"https:\/\/monikakunovska.cz\/en\/wp-json\/wp\/v2\/media\/14764"}],"wp:attachment":[{"href":"https:\/\/monikakunovska.cz\/en\/wp-json\/wp\/v2\/media?parent=14763"}],"curies":[{"name":"wp","href":"https:\/\/api.w.org\/{rel}","templated":true}]}}